{"id":379,"date":"2023-03-30T09:21:03","date_gmt":"2023-03-30T09:21:03","guid":{"rendered":"https:\/\/www.krabbsigurvon.is\/?p=379"},"modified":"2023-03-30T09:21:40","modified_gmt":"2023-03-30T09:21:40","slug":"sigurvon-og-kvot-sameinast","status":"publish","type":"post","link":"https:\/\/www.krabbsigurvon.is\/?p=379","title":{"rendered":"Sigurvon og KVOT sameinast"},"content":{"rendered":"<p>Krabbameinsf\u00e9lagi\u00f0 Sigurvon hefur sameinast Krabbameinsf\u00e9lagi Vesturbygg\u00f0ar og T\u00e1lknafjar\u00f0ar (KVOT). Starfsv\u00e6\u00f0i Sigurvonar n\u00e6r \u00fev\u00ed n\u00fana yfir alla Vestfir\u00f0i. Sameiningin var sam\u00feykkt \u00e1 a\u00f0alfundi Sigurvonar \u00e1 fimmtudaginn sl. eftir vi\u00f0r\u00e6\u00f0ur vi\u00f0 stj\u00f3rn KVOT um t\u00edma. KVOT hefur a\u00f0 mestu veri\u00f0 \u00f3virkt \u00ed nokkurn t\u00edma og hlakka a\u00f0standendur Sigurvonar til a\u00f0 auka \u00fej\u00f3nustu vi\u00f0 \u00edb\u00faa \u00e1 sunnanver\u00f0um Vestfj\u00f6r\u00f0um me\u00f0 a\u00f0sto\u00f0 tengili\u00f0ar \u00feess \u00e1 sv\u00e6\u00f0inu \u00d6nnu Stefan\u00edu Einarsd\u00f3ttur. \u201eVi\u00f0 l\u00edtum \u00e1 \u00feetta sem fr\u00e1b\u00e6rt t\u00e6kif\u00e6ri til a\u00f0 st\u00e6kka starfsv\u00e6\u00f0i\u00f0 og auka \u00fej\u00f3nustu okkar vi\u00f0 fleiri Vestfir\u00f0inga,\u201c segir Helena Hrund J\u00f3nsd\u00f3ttir, forma\u00f0ur Sigurvonar.<\/p>\n<p>&nbsp;<\/p>\n<p>\u00c1 a\u00f0alfundinum var stj\u00f3rn Sigurvonar endurkj\u00f6rin auk \u00feess sem n\u00fdr varama\u00f0ur b\u00e6ttist \u00ed h\u00f3pinn. Stj\u00f3rnin er \u00fev\u00ed svohlj\u00f3\u00f0andi: Helena Hrund J\u00f3nsd\u00f3ttir forma\u00f0ur, \u00de\u00f3rir Gu\u00f0mundsson ritari, Martha Krist\u00edn P\u00e1lmad\u00f3ttir gjaldkeri. Me\u00f0stj\u00f3rnendur eru \u00feau Fj\u00f6lnir \u00c1sbj\u00f6rnsson og Au\u00f0ur Helga \u00d3lafsd\u00f3ttir. Varamenn eru Hei\u00f0r\u00fan Bj\u00f6rnsd\u00f3ttir, Dav\u00ed\u00f0 Bj\u00f6rn Kjartansson og \u00d3lafur Gu\u00f0steinn Kristj\u00e1nsson sem kemur n\u00fdr inn.<\/p>\n<p>Krabbameinsf\u00e9lagi\u00f0 Sigurvon sty\u00f0ur fj\u00e1rhagslega vi\u00f0 f\u00e9lagsmenn s\u00edna til a\u00f0 standa straum af gistikostna\u00f0i, sem annars myndi gera r\u00f3\u00f0urinn enn \u00feyngri er hann b\u00e6tist ofan \u00e1 l\u00e6knis- og ranns\u00f3knakostna\u00f0. F\u00e9lagi\u00f0 veitir auk \u00feess einstaklingum \u00f3tilgreinda fj\u00e1rstyrki s\u00e9 \u00f3ska\u00f0 eftir \u00fev\u00ed.<\/p>\n<p>\u00de\u00e1 veitir f\u00e9lagi\u00f0 einnig stu\u00f0ning \u00e1 jafningjagrundvelli en stu\u00f0ningsh\u00f3pur f\u00e9lagsins, Vinir \u00ed von, er me\u00f0 reglulegar samverustundir yfir vetrart\u00edmann. H\u00f3purinn hefur noti\u00f0 g\u00f3\u00f0vildar ge\u00f0r\u00e6ktarmi\u00f0st\u00f6\u00f0varinnar Vesturafls, sem l\u00e6tur honum \u00ed t\u00e9 a\u00f0st\u00f6\u00f0u a\u00f0 Su\u00f0urg\u00f6tu 9. \u00dear fyrir utan hefur h\u00f3purinn einnig hist \u00e1 veitingah\u00fasum \u00cdsafjar\u00f0ar af og til, til \u00feess a\u00f0 lyfta s\u00e9r a\u00f0eins upp.<\/p>\n","protected":false},"excerpt":{"rendered":"<p>Krabbameinsf\u00e9lagi\u00f0 Sigurvon hefur sameinast Krabbameinsf\u00e9lagi Vesturbygg\u00f0ar og T\u00e1lknafjar\u00f0ar (KVOT). Starfsv\u00e6\u00f0i Sigurvonar n\u00e6r \u00fev\u00ed n\u00fana yfir alla Vestfir\u00f0i. Sameiningin var sam\u00feykkt \u00e1 a\u00f0alfundi Sigurvonar \u00e1 fimmtudaginn sl. eftir vi\u00f0r\u00e6\u00f0ur vi\u00f0 stj\u00f3rn KVOT um t\u00edma. KVOT hefur a\u00f0 mestu veri\u00f0 \u00f3virkt \u00ed &hellip; <a href=\"https:\/\/www.krabbsigurvon.is\/?p=379\">Continued<\/a><\/p>\n","protected":false},"author":4,"featured_media":134,"comment_status":"closed","ping_status":"closed","sticky":false,"template":"","format":"standard","meta":{"kt_blocks_editor_width":"","footnotes":""},"categories":[1],"tags":[],"class_list":["post-379","post","type-post","status-publish","format-standard","has-post-thumbnail","hentry","category-sigurvon"],"_links":{"self":[{"href":"https:\/\/www.krabbsigurvon.is\/index.php?rest_route=\/wp\/v2\/posts\/379","targetHints":{"allow":["GET"]}}],"collection":[{"href":"https:\/\/www.krabbsigurvon.is\/index.php?rest_route=\/wp\/v2\/posts"}],"about":[{"href":"https:\/\/www.krabbsigurvon.is\/index.php?rest_route=\/wp\/v2\/types\/post"}],"author":[{"embeddable":true,"href":"https:\/\/www.krabbsigurvon.is\/index.php?rest_route=\/wp\/v2\/users\/4"}],"replies":[{"embeddable":true,"href":"https:\/\/www.krabbsigurvon.is\/index.php?rest_route=%2Fwp%2Fv2%2Fcomments&post=379"}],"version-history":[{"count":2,"href":"https:\/\/www.krabbsigurvon.is\/index.php?rest_route=\/wp\/v2\/posts\/379\/revisions"}],"predecessor-version":[{"id":381,"href":"https:\/\/www.krabbsigurvon.is\/index.php?rest_route=\/wp\/v2\/posts\/379\/revisions\/381"}],"wp:featuredmedia":[{"embeddable":true,"href":"https:\/\/www.krabbsigurvon.is\/index.php?rest_route=\/wp\/v2\/media\/134"}],"wp:attachment":[{"href":"https:\/\/www.krabbsigurvon.is\/index.php?rest_route=%2Fwp%2Fv2%2Fmedia&parent=379"}],"wp:term":[{"taxonomy":"category","embeddable":true,"href":"https:\/\/www.krabbsigurvon.is\/index.php?rest_route=%2Fwp%2Fv2%2Fcategories&post=379"},{"taxonomy":"post_tag","embeddable":true,"href":"https:\/\/www.krabbsigurvon.is\/index.php?rest_route=%2Fwp%2Fv2%2Ftags&post=379"}],"curies":[{"name":"wp","href":"https:\/\/api.w.org\/{rel}","templated":true}]}}