{"id":247,"date":"2021-03-18T10:46:04","date_gmt":"2021-03-18T10:46:04","guid":{"rendered":"https:\/\/www.krabbsigurvon.is\/?p=247"},"modified":"2021-03-18T10:46:04","modified_gmt":"2021-03-18T10:46:04","slug":"stydur-krofu-lss-um-ad-krabbamein-verdi-skilgreint-sem-atvinnusjukdomur","status":"publish","type":"post","link":"https:\/\/www.krabbsigurvon.is\/?p=247","title":{"rendered":"Sty\u00f0ur kr\u00f6fu LSS um a\u00f0 krabbamein ver\u00f0i skilgreint sem atvinnusj\u00fakd\u00f3mur"},"content":{"rendered":"\r\n<p>A\u00f0alfundur Krabbameinsf\u00e9lagsins Sigurvonar sty\u00f0ur bar\u00e1ttu Landssambands sl\u00f6kkvili\u00f0s- og sj\u00fakraflutningamanna (LSS) sem \u00f3skar eftir \u00fev\u00ed a\u00f0 krabbamein hj\u00e1 sl\u00f6kkvili\u00f0sm\u00f6nnum ver\u00f0i skilgreint sem atvinnusj\u00fakd\u00f3mur. \u00deetta kemur fram \u00ed \u00e1lyktun sem sam\u00feykkt var me\u00f0 \u00f6llum greiddum atkv\u00e6\u00f0um \u00e1 a\u00f0alfundi f\u00e9lagsins \u00ed g\u00e6r. \u201e\u00c1 me\u00f0fylgjandi mynd m\u00e1 sj\u00e1 hversu sl\u00e1andi t\u00f6lurnar eru sem birtar hafa veri\u00f0 \u00ed ranns\u00f3knum \u00feessu tengdum. Vi\u00f0 skorum \u00e1 \u00f6nnur krabbameinsf\u00e9l\u00f6g a\u00f0 leggja bar\u00e1ttu LSS li\u00f0.\u201c<\/p>\r\n<p><br \/>\u00c1 fundinum var einnig n\u00fdr gjaldkeri kj\u00f6rinn en \u00fea\u00f0 er h\u00fan Martha Krist\u00edn P\u00e1lmad\u00f3ttir sem tekur vi\u00f0 af Tinnu Hrund Hlynsd\u00f3ttur. Tinnu eru \u00fe\u00f6kku\u00f0 g\u00f3\u00f0 st\u00f6rf og Martha er bo\u00f0in hjartanlega velkomin til li\u00f0s vi\u00f0 f\u00e9lagi\u00f0. Stj\u00f3rnin var a\u00f0 \u00f6\u00f0ru leyti endurkj\u00f6rin me\u00f0 \u00f3breyttu formi. \u00dea\u00f0 er \u00fev\u00ed enn Helena Hrund J\u00f3nsd\u00f3ttir sem heldur um taumana sem forma\u00f0ur. \u00de\u00f3rir Gu\u00f0mundsson er ritari og me\u00f0stj\u00f3rnendur eru Hlynur Kristj\u00e1nsson og Au\u00f0ur \u00d3lafsd\u00f3ttir. Varamenn eru Hei\u00f0r\u00fan Bj\u00f6rnsd\u00f3ttir og S\u00f3lveig Sigur\u00f0ard\u00f3ttir.<\/p>\r\n","protected":false},"excerpt":{"rendered":"<p>A\u00f0alfundur Krabbameinsf\u00e9lagsins Sigurvonar sty\u00f0ur bar\u00e1ttu Landssambands sl\u00f6kkvili\u00f0s- og sj\u00fakraflutningamanna (LSS) sem \u00f3skar eftir \u00fev\u00ed a\u00f0 krabbamein hj\u00e1 sl\u00f6kkvili\u00f0sm\u00f6nnum ver\u00f0i skilgreint sem atvinnusj\u00fakd\u00f3mur. \u00deetta kemur fram \u00ed \u00e1lyktun sem sam\u00feykkt var me\u00f0 \u00f6llum greiddum atkv\u00e6\u00f0um \u00e1 a\u00f0alfundi f\u00e9lagsins \u00ed g\u00e6r. \u201e\u00c1 &hellip; <a href=\"https:\/\/www.krabbsigurvon.is\/?p=247\">Continued<\/a><\/p>\n","protected":false},"author":4,"featured_media":250,"comment_status":"closed","ping_status":"closed","sticky":false,"template":"","format":"standard","meta":{"kt_blocks_editor_width":"","footnotes":""},"categories":[1],"tags":[],"class_list":["post-247","post","type-post","status-publish","format-standard","has-post-thumbnail","hentry","category-sigurvon"],"_links":{"self":[{"href":"https:\/\/www.krabbsigurvon.is\/index.php?rest_route=\/wp\/v2\/posts\/247","targetHints":{"allow":["GET"]}}],"collection":[{"href":"https:\/\/www.krabbsigurvon.is\/index.php?rest_route=\/wp\/v2\/posts"}],"about":[{"href":"https:\/\/www.krabbsigurvon.is\/index.php?rest_route=\/wp\/v2\/types\/post"}],"author":[{"embeddable":true,"href":"https:\/\/www.krabbsigurvon.is\/index.php?rest_route=\/wp\/v2\/users\/4"}],"replies":[{"embeddable":true,"href":"https:\/\/www.krabbsigurvon.is\/index.php?rest_route=%2Fwp%2Fv2%2Fcomments&post=247"}],"version-history":[{"count":2,"href":"https:\/\/www.krabbsigurvon.is\/index.php?rest_route=\/wp\/v2\/posts\/247\/revisions"}],"predecessor-version":[{"id":251,"href":"https:\/\/www.krabbsigurvon.is\/index.php?rest_route=\/wp\/v2\/posts\/247\/revisions\/251"}],"wp:featuredmedia":[{"embeddable":true,"href":"https:\/\/www.krabbsigurvon.is\/index.php?rest_route=\/wp\/v2\/media\/250"}],"wp:attachment":[{"href":"https:\/\/www.krabbsigurvon.is\/index.php?rest_route=%2Fwp%2Fv2%2Fmedia&parent=247"}],"wp:term":[{"taxonomy":"category","embeddable":true,"href":"https:\/\/www.krabbsigurvon.is\/index.php?rest_route=%2Fwp%2Fv2%2Fcategories&post=247"},{"taxonomy":"post_tag","embeddable":true,"href":"https:\/\/www.krabbsigurvon.is\/index.php?rest_route=%2Fwp%2Fv2%2Ftags&post=247"}],"curies":[{"name":"wp","href":"https:\/\/api.w.org\/{rel}","templated":true}]}}